{"id":435,"date":"2018-04-10T21:07:20","date_gmt":"2018-04-10T20:07:20","guid":{"rendered":"http:\/\/ffmc01.fr\/wp\/manif-le-14-avril-dans-lain\/"},"modified":"2018-04-10T21:07:20","modified_gmt":"2018-04-10T20:07:20","slug":"manif-le-14-avril-dans-lain","status":"publish","type":"post","link":"https:\/\/ffmc01.fr\/wp\/manif-le-14-avril-dans-lain\/","title":{"rendered":"Manif le 14 AVRIL dans l&rsquo;Ain"},"content":{"rendered":"<p>\n\t&nbsp;<\/p>\n<p style=\"text-align: center;\">\n\tSamedi 14 Avril , tous les usagers de la route sont invit\u00e9s \u00e0 manifester leur m\u00e9contentement contre cette mesure absurde d\u2019abaisser les vitesses.<br \/>\n\tDans l\u2019Ain nous traverserons tout le d\u00e9partement jusqu\u2019\u00e0 la pr\u00e9fecture \u00e0 Bourg, il faut se mobiliser&nbsp;!<br \/>\n\tPlus nombreux plus forts&nbsp;!!!<\/p>\n<p>\n\tRdv \u00e0 10h au magasin Equip&rsquo; Moto 01 \u00e0 Thoiry pour boire un caf\u00e9<\/p>\n<p>\n\tA 10h30 devant la sous pr\u00e9fecture de Gex (D\u00e9part 11h)<\/p>\n<p>\n\tA 12H30 devant la Sous pr\u00e9fecture de Nantua (D\u00e9part 13h)<\/p>\n<p>\n\tA 15h Carrefour de l&rsquo;europe \u00e0 Bourg<\/p>\n<p>\n\tNous serons re\u00e7us \u00e0 la pr\u00e9fecture \u00e0 16h .<\/p>\n<p>\n\t&nbsp;<\/p>\n<p><img><img239|center><\/img><\/p>\n","protected":false},"excerpt":{"rendered":"<p>&nbsp; Samedi 14 Avril , tous les usagers de la route sont invit\u00e9s \u00e0 manifester leur m\u00e9contentement contre cette mesure absurde d\u2019abaisser les vitesses. Dans l\u2019Ain nous traverserons tout le d\u00e9partement jusqu\u2019\u00e0 la pr\u00e9fecture \u00e0 Bourg, il faut se mobiliser&nbsp;! Plus nombreux plus forts&nbsp;!!! Rdv \u00e0 10h au magasin Equip&rsquo; Moto 01 \u00e0 Thoiry pour <span class=\"ellipsis\">&hellip;<\/span> <span class=\"more-link-wrap\"><a href=\"https:\/\/ffmc01.fr\/wp\/manif-le-14-avril-dans-lain\/\" class=\"more-link\"><span>Read More &rarr;<\/span><\/a><\/span><\/p>\n","protected":false},"author":6,"featured_media":0,"comment_status":"closed","ping_status":"open","sticky":false,"template":"","format":"standard","meta":{"ngg_post_thumbnail":0,"footnotes":""},"categories":[3],"tags":[],"yoast_head":"<!-- This site is optimized with the Yoast SEO plugin v17.4 - https:\/\/yoast.com\/wordpress\/plugins\/seo\/ -->\n<title>Manif le 14 AVRIL dans l&#039;Ain - FFMC 01<\/title>\n<meta name=\"robots\" content=\"index, follow, max-snippet:-1, max-image-preview:large, max-video-preview:-1\" \/>\n<link rel=\"canonical\" href=\"https:\/\/ffmc01.fr\/wp\/manif-le-14-avril-dans-lain\/\" \/>\n<meta property=\"og:locale\" content=\"fr_FR\" \/>\n<meta property=\"og:type\" content=\"article\" \/>\n<meta property=\"og:title\" content=\"Manif le 14 AVRIL dans l&#039;Ain - FFMC 01\" \/>\n<meta property=\"og:description\" content=\"&nbsp; Samedi 14 Avril , tous les usagers de la route sont invit\u00e9s \u00e0 manifester leur m\u00e9contentement contre cette mesure absurde d\u2019abaisser les vitesses. Dans l\u2019Ain nous traverserons tout le d\u00e9partement jusqu\u2019\u00e0 la pr\u00e9fecture \u00e0 Bourg, il faut se mobiliser&nbsp;! Plus nombreux plus forts&nbsp;!!! Rdv \u00e0 10h au magasin Equip&rsquo; Moto 01 \u00e0 Thoiry pour &hellip; Read More &rarr;\" \/>\n<meta property=\"og:url\" content=\"https:\/\/ffmc01.fr\/wp\/manif-le-14-avril-dans-lain\/\" \/>\n<meta property=\"og:site_name\" content=\"FFMC 01\" \/>\n<meta property=\"article:publisher\" content=\"https:\/\/www.facebook.com\/ffmc.ain\" \/>\n<meta property=\"article:published_time\" content=\"2018-04-10T20:07:20+00:00\" \/>\n<meta name=\"twitter:label1\" content=\"\u00c9crit par\" \/>\n\t<meta name=\"twitter:data1\" content=\"Dav'\" \/>\n<script type=\"application\/ld+json\" class=\"yoast-schema-graph\">{\"@context\":\"https:\/\/schema.org\",\"@graph\":[{\"@type\":\"Organization\",\"@id\":\"https:\/\/ffmc01.fr\/wp\/#organization\",\"name\":\"FFMC01\",\"url\":\"https:\/\/ffmc01.fr\/wp\/\",\"sameAs\":[\"https:\/\/www.facebook.com\/ffmc.ain\",\"https:\/\/twitter.com\/ffmc01\"],\"logo\":{\"@type\":\"ImageObject\",\"@id\":\"https:\/\/ffmc01.fr\/wp\/#logo\",\"inLanguage\":\"fr-FR\",\"url\":\"http:\/\/ffmc01.fr\/wp\/wp-content\/uploads\/2018\/09\/BandeauWeb-01.png\",\"contentUrl\":\"http:\/\/ffmc01.fr\/wp\/wp-content\/uploads\/2018\/09\/BandeauWeb-01.png\",\"width\":1663,\"height\":199,\"caption\":\"FFMC01\"},\"image\":{\"@id\":\"https:\/\/ffmc01.fr\/wp\/#logo\"}},{\"@type\":\"WebSite\",\"@id\":\"https:\/\/ffmc01.fr\/wp\/#website\",\"url\":\"https:\/\/ffmc01.fr\/wp\/\",\"name\":\"FFMC 01\",\"description\":\"Antenne 01 de la F\\u00e9d\\u00e9ration Fran\\u00e7aise des Motards en Col\\u00e8re\",\"publisher\":{\"@id\":\"https:\/\/ffmc01.fr\/wp\/#organization\"},\"potentialAction\":[{\"@type\":\"SearchAction\",\"target\":{\"@type\":\"EntryPoint\",\"urlTemplate\":\"https:\/\/ffmc01.fr\/wp\/?s={search_term_string}\"},\"query-input\":\"required name=search_term_string\"}],\"inLanguage\":\"fr-FR\"},{\"@type\":\"WebPage\",\"@id\":\"https:\/\/ffmc01.fr\/wp\/manif-le-14-avril-dans-lain\/#webpage\",\"url\":\"https:\/\/ffmc01.fr\/wp\/manif-le-14-avril-dans-lain\/\",\"name\":\"Manif le 14 AVRIL dans l'Ain - FFMC 01\",\"isPartOf\":{\"@id\":\"https:\/\/ffmc01.fr\/wp\/#website\"},\"datePublished\":\"2018-04-10T20:07:20+00:00\",\"dateModified\":\"2018-04-10T20:07:20+00:00\",\"breadcrumb\":{\"@id\":\"https:\/\/ffmc01.fr\/wp\/manif-le-14-avril-dans-lain\/#breadcrumb\"},\"inLanguage\":\"fr-FR\",\"potentialAction\":[{\"@type\":\"ReadAction\",\"target\":[\"https:\/\/ffmc01.fr\/wp\/manif-le-14-avril-dans-lain\/\"]}]},{\"@type\":\"BreadcrumbList\",\"@id\":\"https:\/\/ffmc01.fr\/wp\/manif-le-14-avril-dans-lain\/#breadcrumb\",\"itemListElement\":[{\"@type\":\"ListItem\",\"position\":1,\"name\":\"Accueil\",\"item\":\"https:\/\/ffmc01.fr\/wp\/\"},{\"@type\":\"ListItem\",\"position\":2,\"name\":\"Manif le 14 AVRIL dans l&rsquo;Ain\"}]},{\"@type\":\"Article\",\"@id\":\"https:\/\/ffmc01.fr\/wp\/manif-le-14-avril-dans-lain\/#article\",\"isPartOf\":{\"@id\":\"https:\/\/ffmc01.fr\/wp\/manif-le-14-avril-dans-lain\/#webpage\"},\"author\":{\"@id\":\"https:\/\/ffmc01.fr\/wp\/#\/schema\/person\/6332c95ce5e2a9548951f13f4e168e8c\"},\"headline\":\"Manif le 14 AVRIL dans l&rsquo;Ain\",\"datePublished\":\"2018-04-10T20:07:20+00:00\",\"dateModified\":\"2018-04-10T20:07:20+00:00\",\"mainEntityOfPage\":{\"@id\":\"https:\/\/ffmc01.fr\/wp\/manif-le-14-avril-dans-lain\/#webpage\"},\"wordCount\":103,\"publisher\":{\"@id\":\"https:\/\/ffmc01.fr\/wp\/#organization\"},\"articleSection\":[\"Vie de l'antenne\"],\"inLanguage\":\"fr-FR\"},{\"@type\":\"Person\",\"@id\":\"https:\/\/ffmc01.fr\/wp\/#\/schema\/person\/6332c95ce5e2a9548951f13f4e168e8c\",\"name\":\"Dav'\",\"image\":{\"@type\":\"ImageObject\",\"@id\":\"https:\/\/ffmc01.fr\/wp\/#personlogo\",\"inLanguage\":\"fr-FR\",\"url\":\"https:\/\/secure.gravatar.com\/avatar\/25910a5a2a93491389a53406aebf7f8a?s=96&d=mm&r=g\",\"contentUrl\":\"https:\/\/secure.gravatar.com\/avatar\/25910a5a2a93491389a53406aebf7f8a?s=96&d=mm&r=g\",\"caption\":\"Dav'\"},\"url\":\"https:\/\/ffmc01.fr\/wp\/author\/david\/\"}]}<\/script>\n<!-- \/ Yoast SEO plugin. -->","yoast_head_json":{"title":"Manif le 14 AVRIL dans l'Ain - FFMC 01","robots":{"index":"index","follow":"follow","max-snippet":"max-snippet:-1","max-image-preview":"max-image-preview:large","max-video-preview":"max-video-preview:-1"},"canonical":"https:\/\/ffmc01.fr\/wp\/manif-le-14-avril-dans-lain\/","og_locale":"fr_FR","og_type":"article","og_title":"Manif le 14 AVRIL dans l'Ain - FFMC 01","og_description":"&nbsp; Samedi 14 Avril , tous les usagers de la route sont invit\u00e9s \u00e0 manifester leur m\u00e9contentement contre cette mesure absurde d\u2019abaisser les vitesses. Dans l\u2019Ain nous traverserons tout le d\u00e9partement jusqu\u2019\u00e0 la pr\u00e9fecture \u00e0 Bourg, il faut se mobiliser&nbsp;! Plus nombreux plus forts&nbsp;!!! Rdv \u00e0 10h au magasin Equip&rsquo; Moto 01 \u00e0 Thoiry pour &hellip; Read More &rarr;","og_url":"https:\/\/ffmc01.fr\/wp\/manif-le-14-avril-dans-lain\/","og_site_name":"FFMC 01","article_publisher":"https:\/\/www.facebook.com\/ffmc.ain","article_published_time":"2018-04-10T20:07:20+00:00","twitter_misc":{"\u00c9crit par":"Dav'"},"schema":{"@context":"https:\/\/schema.org","@graph":[{"@type":"Organization","@id":"https:\/\/ffmc01.fr\/wp\/#organization","name":"FFMC01","url":"https:\/\/ffmc01.fr\/wp\/","sameAs":["https:\/\/www.facebook.com\/ffmc.ain","https:\/\/twitter.com\/ffmc01"],"logo":{"@type":"ImageObject","@id":"https:\/\/ffmc01.fr\/wp\/#logo","inLanguage":"fr-FR","url":"http:\/\/ffmc01.fr\/wp\/wp-content\/uploads\/2018\/09\/BandeauWeb-01.png","contentUrl":"http:\/\/ffmc01.fr\/wp\/wp-content\/uploads\/2018\/09\/BandeauWeb-01.png","width":1663,"height":199,"caption":"FFMC01"},"image":{"@id":"https:\/\/ffmc01.fr\/wp\/#logo"}},{"@type":"WebSite","@id":"https:\/\/ffmc01.fr\/wp\/#website","url":"https:\/\/ffmc01.fr\/wp\/","name":"FFMC 01","description":"Antenne 01 de la F\u00e9d\u00e9ration Fran\u00e7aise des Motards en Col\u00e8re","publisher":{"@id":"https:\/\/ffmc01.fr\/wp\/#organization"},"potentialAction":[{"@type":"SearchAction","target":{"@type":"EntryPoint","urlTemplate":"https:\/\/ffmc01.fr\/wp\/?s={search_term_string}"},"query-input":"required name=search_term_string"}],"inLanguage":"fr-FR"},{"@type":"WebPage","@id":"https:\/\/ffmc01.fr\/wp\/manif-le-14-avril-dans-lain\/#webpage","url":"https:\/\/ffmc01.fr\/wp\/manif-le-14-avril-dans-lain\/","name":"Manif le 14 AVRIL dans l'Ain - FFMC 01","isPartOf":{"@id":"https:\/\/ffmc01.fr\/wp\/#website"},"datePublished":"2018-04-10T20:07:20+00:00","dateModified":"2018-04-10T20:07:20+00:00","breadcrumb":{"@id":"https:\/\/ffmc01.fr\/wp\/manif-le-14-avril-dans-lain\/#breadcrumb"},"inLanguage":"fr-FR","potentialAction":[{"@type":"ReadAction","target":["https:\/\/ffmc01.fr\/wp\/manif-le-14-avril-dans-lain\/"]}]},{"@type":"BreadcrumbList","@id":"https:\/\/ffmc01.fr\/wp\/manif-le-14-avril-dans-lain\/#breadcrumb","itemListElement":[{"@type":"ListItem","position":1,"name":"Accueil","item":"https:\/\/ffmc01.fr\/wp\/"},{"@type":"ListItem","position":2,"name":"Manif le 14 AVRIL dans l&rsquo;Ain"}]},{"@type":"Article","@id":"https:\/\/ffmc01.fr\/wp\/manif-le-14-avril-dans-lain\/#article","isPartOf":{"@id":"https:\/\/ffmc01.fr\/wp\/manif-le-14-avril-dans-lain\/#webpage"},"author":{"@id":"https:\/\/ffmc01.fr\/wp\/#\/schema\/person\/6332c95ce5e2a9548951f13f4e168e8c"},"headline":"Manif le 14 AVRIL dans l&rsquo;Ain","datePublished":"2018-04-10T20:07:20+00:00","dateModified":"2018-04-10T20:07:20+00:00","mainEntityOfPage":{"@id":"https:\/\/ffmc01.fr\/wp\/manif-le-14-avril-dans-lain\/#webpage"},"wordCount":103,"publisher":{"@id":"https:\/\/ffmc01.fr\/wp\/#organization"},"articleSection":["Vie de l'antenne"],"inLanguage":"fr-FR"},{"@type":"Person","@id":"https:\/\/ffmc01.fr\/wp\/#\/schema\/person\/6332c95ce5e2a9548951f13f4e168e8c","name":"Dav'","image":{"@type":"ImageObject","@id":"https:\/\/ffmc01.fr\/wp\/#personlogo","inLanguage":"fr-FR","url":"https:\/\/secure.gravatar.com\/avatar\/25910a5a2a93491389a53406aebf7f8a?s=96&d=mm&r=g","contentUrl":"https:\/\/secure.gravatar.com\/avatar\/25910a5a2a93491389a53406aebf7f8a?s=96&d=mm&r=g","caption":"Dav'"},"url":"https:\/\/ffmc01.fr\/wp\/author\/david\/"}]}},"_links":{"self":[{"href":"https:\/\/ffmc01.fr\/wp\/wp-json\/wp\/v2\/posts\/435"}],"collection":[{"href":"https:\/\/ffmc01.fr\/wp\/wp-json\/wp\/v2\/posts"}],"about":[{"href":"https:\/\/ffmc01.fr\/wp\/wp-json\/wp\/v2\/types\/post"}],"author":[{"embeddable":true,"href":"https:\/\/ffmc01.fr\/wp\/wp-json\/wp\/v2\/users\/6"}],"replies":[{"embeddable":true,"href":"https:\/\/ffmc01.fr\/wp\/wp-json\/wp\/v2\/comments?post=435"}],"version-history":[{"count":0,"href":"https:\/\/ffmc01.fr\/wp\/wp-json\/wp\/v2\/posts\/435\/revisions"}],"wp:attachment":[{"href":"https:\/\/ffmc01.fr\/wp\/wp-json\/wp\/v2\/media?parent=435"}],"wp:term":[{"taxonomy":"category","embeddable":true,"href":"https:\/\/ffmc01.fr\/wp\/wp-json\/wp\/v2\/categories?post=435"},{"taxonomy":"post_tag","embeddable":true,"href":"https:\/\/ffmc01.fr\/wp\/wp-json\/wp\/v2\/tags?post=435"}],"curies":[{"name":"wp","href":"https:\/\/api.w.org\/{rel}","templated":true}]}}