{"id":454,"date":"2018-09-05T09:28:21","date_gmt":"2018-09-05T08:28:21","guid":{"rendered":"http:\/\/ffmc01.fr\/wp\/?p=454"},"modified":"2018-09-05T10:33:49","modified_gmt":"2018-09-05T09:33:49","slug":"reunion-mensuelle-de-rentree","status":"publish","type":"post","link":"https:\/\/ffmc01.fr\/wp\/reunion-mensuelle-de-rentree\/","title":{"rendered":"R\u00e9union mensuelle de rentr\u00e9e !"},"content":{"rendered":"<p>Salut \u00e0 tous, les vacances sont finies et il est temps de retourner au travail ou \u00e0 l&rsquo;\u00e9cole. Les r\u00e9unions FFMC reprennent aussi !<\/p>\n<p>La r\u00e9union de septembre se tiendra le Vendredi 7 \u00e0 19h au local 1 rue Lesage \u00e0 Bourg en Bresse<\/p>\n<p>Au programme :<\/p>\n<p>&#8211; Point Adh\u00e9sions (Dav&rsquo;)<\/p>\n<p>&#8211; Action peinture , confirmation de la date et organisation g\u00e9n\u00e9rale (Pierre L., Pierre P., Bruno)<\/p>\n<p>&#8211; Matin\u00e9es d\u00e9couverte AFDM (Pepone)<\/p>\n<p>&#8211; Balade pour Phil (Pepone)<\/p>\n<p>&#8211; Proposition de rel\u00e8ve des points noirs et\/ou dos d&rsquo;anes<\/p>\n<p>&#8211; Don du Sang (Steph)<\/p>\n<p>&#8211; Prochaines r\u00e9unions nationales et r\u00e9gionales (Dav&rsquo;)<\/p>\n<p>&#8211; Appel des antennes 69 et 26\/07 bol d&rsquo;or<\/p>\n<p>&#8211; Question diverses<\/p>\n<p>Comme d&rsquo;habitude, chacun emm\u00e8ne un petit truc \u00e0 partager pour terminer en toute convivialit\u00e9.<\/p>\n<p>&#8212;<br \/>\nPour le conseil FFMC01, Dav&rsquo;<\/p>\n","protected":false},"excerpt":{"rendered":"<p>Salut \u00e0 tous, les vacances sont finies et il est temps de retourner au travail ou \u00e0 l&rsquo;\u00e9cole. Les r\u00e9unions FFMC reprennent aussi ! La r\u00e9union de septembre se tiendra le Vendredi 7 \u00e0 19h au local 1 rue Lesage \u00e0 Bourg en Bresse Au programme : &#8211; Point Adh\u00e9sions (Dav&rsquo;) &#8211; Action peinture , <span class=\"ellipsis\">&hellip;<\/span> <span class=\"more-link-wrap\"><a href=\"https:\/\/ffmc01.fr\/wp\/reunion-mensuelle-de-rentree\/\" class=\"more-link\"><span>Read More &rarr;<\/span><\/a><\/span><\/p>\n","protected":false},"author":6,"featured_media":0,"comment_status":"open","ping_status":"open","sticky":false,"template":"","format":"standard","meta":{"ngg_post_thumbnail":0,"footnotes":""},"categories":[6],"tags":[23,22,25,24],"yoast_head":"<!-- This site is optimized with the Yoast SEO plugin v17.4 - https:\/\/yoast.com\/wordpress\/plugins\/seo\/ -->\n<title>R\u00e9union mensuelle de rentr\u00e9e ! - FFMC 01<\/title>\n<meta name=\"robots\" content=\"index, follow, max-snippet:-1, max-image-preview:large, max-video-preview:-1\" \/>\n<link rel=\"canonical\" href=\"https:\/\/ffmc01.fr\/wp\/reunion-mensuelle-de-rentree\/\" \/>\n<meta property=\"og:locale\" content=\"fr_FR\" \/>\n<meta property=\"og:type\" content=\"article\" \/>\n<meta property=\"og:title\" content=\"R\u00e9union mensuelle de rentr\u00e9e ! - FFMC 01\" \/>\n<meta property=\"og:description\" content=\"Salut \u00e0 tous, les vacances sont finies et il est temps de retourner au travail ou \u00e0 l&rsquo;\u00e9cole. Les r\u00e9unions FFMC reprennent aussi ! La r\u00e9union de septembre se tiendra le Vendredi 7 \u00e0 19h au local 1 rue Lesage \u00e0 Bourg en Bresse Au programme : &#8211; Point Adh\u00e9sions (Dav&rsquo;) &#8211; Action peinture , &hellip; Read More &rarr;\" \/>\n<meta property=\"og:url\" content=\"https:\/\/ffmc01.fr\/wp\/reunion-mensuelle-de-rentree\/\" \/>\n<meta property=\"og:site_name\" content=\"FFMC 01\" \/>\n<meta property=\"article:publisher\" content=\"https:\/\/www.facebook.com\/ffmc.ain\" \/>\n<meta property=\"article:published_time\" content=\"2018-09-05T08:28:21+00:00\" \/>\n<meta property=\"article:modified_time\" content=\"2018-09-05T09:33:49+00:00\" \/>\n<meta name=\"twitter:label1\" content=\"\u00c9crit par\" \/>\n\t<meta name=\"twitter:data1\" content=\"Dav'\" \/>\n\t<meta name=\"twitter:label2\" content=\"Dur\u00e9e de lecture est.\" \/>\n\t<meta name=\"twitter:data2\" content=\"1 minute\" \/>\n<script type=\"application\/ld+json\" class=\"yoast-schema-graph\">{\"@context\":\"https:\/\/schema.org\",\"@graph\":[{\"@type\":\"Organization\",\"@id\":\"https:\/\/ffmc01.fr\/wp\/#organization\",\"name\":\"FFMC01\",\"url\":\"https:\/\/ffmc01.fr\/wp\/\",\"sameAs\":[\"https:\/\/www.facebook.com\/ffmc.ain\",\"https:\/\/twitter.com\/ffmc01\"],\"logo\":{\"@type\":\"ImageObject\",\"@id\":\"https:\/\/ffmc01.fr\/wp\/#logo\",\"inLanguage\":\"fr-FR\",\"url\":\"http:\/\/ffmc01.fr\/wp\/wp-content\/uploads\/2018\/09\/BandeauWeb-01.png\",\"contentUrl\":\"http:\/\/ffmc01.fr\/wp\/wp-content\/uploads\/2018\/09\/BandeauWeb-01.png\",\"width\":1663,\"height\":199,\"caption\":\"FFMC01\"},\"image\":{\"@id\":\"https:\/\/ffmc01.fr\/wp\/#logo\"}},{\"@type\":\"WebSite\",\"@id\":\"https:\/\/ffmc01.fr\/wp\/#website\",\"url\":\"https:\/\/ffmc01.fr\/wp\/\",\"name\":\"FFMC 01\",\"description\":\"Antenne 01 de la F\\u00e9d\\u00e9ration Fran\\u00e7aise des Motards en Col\\u00e8re\",\"publisher\":{\"@id\":\"https:\/\/ffmc01.fr\/wp\/#organization\"},\"potentialAction\":[{\"@type\":\"SearchAction\",\"target\":{\"@type\":\"EntryPoint\",\"urlTemplate\":\"https:\/\/ffmc01.fr\/wp\/?s={search_term_string}\"},\"query-input\":\"required name=search_term_string\"}],\"inLanguage\":\"fr-FR\"},{\"@type\":\"WebPage\",\"@id\":\"https:\/\/ffmc01.fr\/wp\/reunion-mensuelle-de-rentree\/#webpage\",\"url\":\"https:\/\/ffmc01.fr\/wp\/reunion-mensuelle-de-rentree\/\",\"name\":\"R\\u00e9union mensuelle de rentr\\u00e9e ! - FFMC 01\",\"isPartOf\":{\"@id\":\"https:\/\/ffmc01.fr\/wp\/#website\"},\"datePublished\":\"2018-09-05T08:28:21+00:00\",\"dateModified\":\"2018-09-05T09:33:49+00:00\",\"breadcrumb\":{\"@id\":\"https:\/\/ffmc01.fr\/wp\/reunion-mensuelle-de-rentree\/#breadcrumb\"},\"inLanguage\":\"fr-FR\",\"potentialAction\":[{\"@type\":\"ReadAction\",\"target\":[\"https:\/\/ffmc01.fr\/wp\/reunion-mensuelle-de-rentree\/\"]}]},{\"@type\":\"BreadcrumbList\",\"@id\":\"https:\/\/ffmc01.fr\/wp\/reunion-mensuelle-de-rentree\/#breadcrumb\",\"itemListElement\":[{\"@type\":\"ListItem\",\"position\":1,\"name\":\"Accueil\",\"item\":\"https:\/\/ffmc01.fr\/wp\/\"},{\"@type\":\"ListItem\",\"position\":2,\"name\":\"R\\u00e9union mensuelle de rentr\\u00e9e !\"}]},{\"@type\":\"Article\",\"@id\":\"https:\/\/ffmc01.fr\/wp\/reunion-mensuelle-de-rentree\/#article\",\"isPartOf\":{\"@id\":\"https:\/\/ffmc01.fr\/wp\/reunion-mensuelle-de-rentree\/#webpage\"},\"author\":{\"@id\":\"https:\/\/ffmc01.fr\/wp\/#\/schema\/person\/6332c95ce5e2a9548951f13f4e168e8c\"},\"headline\":\"R\\u00e9union mensuelle de rentr\\u00e9e !\",\"datePublished\":\"2018-09-05T08:28:21+00:00\",\"dateModified\":\"2018-09-05T09:33:49+00:00\",\"mainEntityOfPage\":{\"@id\":\"https:\/\/ffmc01.fr\/wp\/reunion-mensuelle-de-rentree\/#webpage\"},\"wordCount\":138,\"commentCount\":0,\"publisher\":{\"@id\":\"https:\/\/ffmc01.fr\/wp\/#organization\"},\"keywords\":[\"mensuelle\",\"reunion\",\"rue lesage\",\"vendredi\"],\"articleSection\":[\"R\\u00e9unions de l'antenne et du mouvement\"],\"inLanguage\":\"fr-FR\",\"potentialAction\":[{\"@type\":\"CommentAction\",\"name\":\"Comment\",\"target\":[\"https:\/\/ffmc01.fr\/wp\/reunion-mensuelle-de-rentree\/#respond\"]}]},{\"@type\":\"Person\",\"@id\":\"https:\/\/ffmc01.fr\/wp\/#\/schema\/person\/6332c95ce5e2a9548951f13f4e168e8c\",\"name\":\"Dav'\",\"image\":{\"@type\":\"ImageObject\",\"@id\":\"https:\/\/ffmc01.fr\/wp\/#personlogo\",\"inLanguage\":\"fr-FR\",\"url\":\"https:\/\/secure.gravatar.com\/avatar\/25910a5a2a93491389a53406aebf7f8a?s=96&d=mm&r=g\",\"contentUrl\":\"https:\/\/secure.gravatar.com\/avatar\/25910a5a2a93491389a53406aebf7f8a?s=96&d=mm&r=g\",\"caption\":\"Dav'\"},\"url\":\"https:\/\/ffmc01.fr\/wp\/author\/david\/\"}]}<\/script>\n<!-- \/ Yoast SEO plugin. -->","yoast_head_json":{"title":"R\u00e9union mensuelle de rentr\u00e9e ! - FFMC 01","robots":{"index":"index","follow":"follow","max-snippet":"max-snippet:-1","max-image-preview":"max-image-preview:large","max-video-preview":"max-video-preview:-1"},"canonical":"https:\/\/ffmc01.fr\/wp\/reunion-mensuelle-de-rentree\/","og_locale":"fr_FR","og_type":"article","og_title":"R\u00e9union mensuelle de rentr\u00e9e ! - FFMC 01","og_description":"Salut \u00e0 tous, les vacances sont finies et il est temps de retourner au travail ou \u00e0 l&rsquo;\u00e9cole. Les r\u00e9unions FFMC reprennent aussi ! La r\u00e9union de septembre se tiendra le Vendredi 7 \u00e0 19h au local 1 rue Lesage \u00e0 Bourg en Bresse Au programme : &#8211; Point Adh\u00e9sions (Dav&rsquo;) &#8211; Action peinture , &hellip; Read More &rarr;","og_url":"https:\/\/ffmc01.fr\/wp\/reunion-mensuelle-de-rentree\/","og_site_name":"FFMC 01","article_publisher":"https:\/\/www.facebook.com\/ffmc.ain","article_published_time":"2018-09-05T08:28:21+00:00","article_modified_time":"2018-09-05T09:33:49+00:00","twitter_misc":{"\u00c9crit par":"Dav'","Dur\u00e9e de lecture est.":"1 minute"},"schema":{"@context":"https:\/\/schema.org","@graph":[{"@type":"Organization","@id":"https:\/\/ffmc01.fr\/wp\/#organization","name":"FFMC01","url":"https:\/\/ffmc01.fr\/wp\/","sameAs":["https:\/\/www.facebook.com\/ffmc.ain","https:\/\/twitter.com\/ffmc01"],"logo":{"@type":"ImageObject","@id":"https:\/\/ffmc01.fr\/wp\/#logo","inLanguage":"fr-FR","url":"http:\/\/ffmc01.fr\/wp\/wp-content\/uploads\/2018\/09\/BandeauWeb-01.png","contentUrl":"http:\/\/ffmc01.fr\/wp\/wp-content\/uploads\/2018\/09\/BandeauWeb-01.png","width":1663,"height":199,"caption":"FFMC01"},"image":{"@id":"https:\/\/ffmc01.fr\/wp\/#logo"}},{"@type":"WebSite","@id":"https:\/\/ffmc01.fr\/wp\/#website","url":"https:\/\/ffmc01.fr\/wp\/","name":"FFMC 01","description":"Antenne 01 de la F\u00e9d\u00e9ration Fran\u00e7aise des Motards en Col\u00e8re","publisher":{"@id":"https:\/\/ffmc01.fr\/wp\/#organization"},"potentialAction":[{"@type":"SearchAction","target":{"@type":"EntryPoint","urlTemplate":"https:\/\/ffmc01.fr\/wp\/?s={search_term_string}"},"query-input":"required name=search_term_string"}],"inLanguage":"fr-FR"},{"@type":"WebPage","@id":"https:\/\/ffmc01.fr\/wp\/reunion-mensuelle-de-rentree\/#webpage","url":"https:\/\/ffmc01.fr\/wp\/reunion-mensuelle-de-rentree\/","name":"R\u00e9union mensuelle de rentr\u00e9e ! - FFMC 01","isPartOf":{"@id":"https:\/\/ffmc01.fr\/wp\/#website"},"datePublished":"2018-09-05T08:28:21+00:00","dateModified":"2018-09-05T09:33:49+00:00","breadcrumb":{"@id":"https:\/\/ffmc01.fr\/wp\/reunion-mensuelle-de-rentree\/#breadcrumb"},"inLanguage":"fr-FR","potentialAction":[{"@type":"ReadAction","target":["https:\/\/ffmc01.fr\/wp\/reunion-mensuelle-de-rentree\/"]}]},{"@type":"BreadcrumbList","@id":"https:\/\/ffmc01.fr\/wp\/reunion-mensuelle-de-rentree\/#breadcrumb","itemListElement":[{"@type":"ListItem","position":1,"name":"Accueil","item":"https:\/\/ffmc01.fr\/wp\/"},{"@type":"ListItem","position":2,"name":"R\u00e9union mensuelle de rentr\u00e9e !"}]},{"@type":"Article","@id":"https:\/\/ffmc01.fr\/wp\/reunion-mensuelle-de-rentree\/#article","isPartOf":{"@id":"https:\/\/ffmc01.fr\/wp\/reunion-mensuelle-de-rentree\/#webpage"},"author":{"@id":"https:\/\/ffmc01.fr\/wp\/#\/schema\/person\/6332c95ce5e2a9548951f13f4e168e8c"},"headline":"R\u00e9union mensuelle de rentr\u00e9e !","datePublished":"2018-09-05T08:28:21+00:00","dateModified":"2018-09-05T09:33:49+00:00","mainEntityOfPage":{"@id":"https:\/\/ffmc01.fr\/wp\/reunion-mensuelle-de-rentree\/#webpage"},"wordCount":138,"commentCount":0,"publisher":{"@id":"https:\/\/ffmc01.fr\/wp\/#organization"},"keywords":["mensuelle","reunion","rue lesage","vendredi"],"articleSection":["R\u00e9unions de l'antenne et du mouvement"],"inLanguage":"fr-FR","potentialAction":[{"@type":"CommentAction","name":"Comment","target":["https:\/\/ffmc01.fr\/wp\/reunion-mensuelle-de-rentree\/#respond"]}]},{"@type":"Person","@id":"https:\/\/ffmc01.fr\/wp\/#\/schema\/person\/6332c95ce5e2a9548951f13f4e168e8c","name":"Dav'","image":{"@type":"ImageObject","@id":"https:\/\/ffmc01.fr\/wp\/#personlogo","inLanguage":"fr-FR","url":"https:\/\/secure.gravatar.com\/avatar\/25910a5a2a93491389a53406aebf7f8a?s=96&d=mm&r=g","contentUrl":"https:\/\/secure.gravatar.com\/avatar\/25910a5a2a93491389a53406aebf7f8a?s=96&d=mm&r=g","caption":"Dav'"},"url":"https:\/\/ffmc01.fr\/wp\/author\/david\/"}]}},"_links":{"self":[{"href":"https:\/\/ffmc01.fr\/wp\/wp-json\/wp\/v2\/posts\/454"}],"collection":[{"href":"https:\/\/ffmc01.fr\/wp\/wp-json\/wp\/v2\/posts"}],"about":[{"href":"https:\/\/ffmc01.fr\/wp\/wp-json\/wp\/v2\/types\/post"}],"author":[{"embeddable":true,"href":"https:\/\/ffmc01.fr\/wp\/wp-json\/wp\/v2\/users\/6"}],"replies":[{"embeddable":true,"href":"https:\/\/ffmc01.fr\/wp\/wp-json\/wp\/v2\/comments?post=454"}],"version-history":[{"count":1,"href":"https:\/\/ffmc01.fr\/wp\/wp-json\/wp\/v2\/posts\/454\/revisions"}],"predecessor-version":[{"id":455,"href":"https:\/\/ffmc01.fr\/wp\/wp-json\/wp\/v2\/posts\/454\/revisions\/455"}],"wp:attachment":[{"href":"https:\/\/ffmc01.fr\/wp\/wp-json\/wp\/v2\/media?parent=454"}],"wp:term":[{"taxonomy":"category","embeddable":true,"href":"https:\/\/ffmc01.fr\/wp\/wp-json\/wp\/v2\/categories?post=454"},{"taxonomy":"post_tag","embeddable":true,"href":"https:\/\/ffmc01.fr\/wp\/wp-json\/wp\/v2\/tags?post=454"}],"curies":[{"name":"wp","href":"https:\/\/api.w.org\/{rel}","templated":true}]}}