{"id":601,"date":"2019-04-02T06:46:39","date_gmt":"2019-04-02T05:46:39","guid":{"rendered":"http:\/\/ffmc01.fr\/wp\/?p=601"},"modified":"2019-04-02T08:09:14","modified_gmt":"2019-04-02T07:09:14","slug":"assemblee-generale-extraordinaire-13-04-2019-a-18h","status":"publish","type":"post","link":"https:\/\/ffmc01.fr\/wp\/assemblee-generale-extraordinaire-13-04-2019-a-18h\/","title":{"rendered":"Assembl\u00e9e G\u00e9n\u00e9rale Ordinaire &#8211; 13\/04\/2019 a 18h"},"content":{"rendered":"<p>La F\u00e9d\u00e9ration Fran\u00e7aise des Motards en Col\u00e8re de l\u2019Ain, se r\u00e9unira le samedi 13 avril 2019 \u00e0 18h00 pour une Assembl\u00e9e G\u00e9n\u00e9rale Ordinaire.<br \/>\nNous proc\u00e9deront \u00e0 l\u2019\u00e9lection des membres du Conseil d\u2019Administration pour l\u2019ann\u00e9e \u00e0 venir.<\/p>\n<p>C\u2019est gr\u00e2ce au soutien de chacun d\u2019entre vous, qu\u2019il soit financier ou par votre participation, que nous pouvons d\u00e9velopper nos actions.<br \/>\nAussi, nous vous appelons donc \u00e0 nous renouveler votre confiance, et \u00e0 inciter vos amis qui se reconnaissent dans nos actions \u00e0 adh\u00e9rer aussi.<br \/>\nMais si nous avons besoin d\u2019adh\u00e9rents, il nous faut aussi des membres du Conseil d\u2019Administration pour s\u2019occuper des t\u00e2ches inh\u00e9rentes \u00e0 la gestion d\u2019une association et la p\u00e9renniser afin que les comp\u00e9tences acquises ne se perdent pas en cas de d\u00e9faillance de l\u2019un d\u2019entre nous.<\/p>\n<p>Pour rappel, selon nos statuts, le Conseil d\u2019Administration comprend 3 membres minimum et 13 membres maximum, \u00e9lus pour 3 ans par l\u2019Assembl\u00e9e G\u00e9n\u00e9rale Ordinaire parmi les membres adh\u00e9rents.<br \/>\n13 postes sont \u00e0 pouvoir (5 mandats de 3 ans, 4 mandats de 3 ans et 4 mandat de 1an).<\/p>\n<p>Attention, seuls les adh\u00e9rents \u00e0 jour de cotisation pour 2019 pourront voter et ne seront \u00e9ligibles que ceux qui sont adh\u00e9rents depuis au moins 1 an \u00e0 la date de l\u2019\u00e9lection.<\/p>\n<p>Si, \u00e0 l\u2019issue de cette AGO, un nouveau Conseil d\u2019Administration n\u2019est pas \u00e9lu, une assembl\u00e9e g\u00e9n\u00e9rale Extraordinaire sera convoqu\u00e9e et la FFMC 01 sera dissoute et cessera d\u2019exister.<\/p>\n<p>Le rendez-vous est donc fix\u00e9 le Samedi 13 avril 2019 \u00e0 partir de 18h00 \u00e0 la Maison des associations, salle 128, 5 bis avenue des Belges 01000 Bourg en Bresse https:\/\/goo.gl\/maps\/cRm2JwnkbZL2<\/p>\n<p>N\u2019h\u00e9sitez pas \u00e0 contacter pour de plus amples informations.<br \/>\npar courrier \u00e0 M. Michel Ecochar 1878 chemin du mas cottier 01370 TREFFORT CUISIAT par E.mail \u00e0 michel.ecochard@ffmc.fr<\/p>\n<p>@ppels de phare<\/p>\n","protected":false},"excerpt":{"rendered":"<p>La F\u00e9d\u00e9ration Fran\u00e7aise des Motards en Col\u00e8re de l\u2019Ain, se r\u00e9unira le samedi 13 avril 2019 \u00e0 18h00 pour une Assembl\u00e9e G\u00e9n\u00e9rale Ordinaire. Nous proc\u00e9deront \u00e0 l\u2019\u00e9lection des membres du Conseil d\u2019Administration pour l\u2019ann\u00e9e \u00e0 venir. C\u2019est gr\u00e2ce au soutien de chacun d\u2019entre vous, qu\u2019il soit financier ou par votre participation, que nous pouvons d\u00e9velopper <span class=\"ellipsis\">&hellip;<\/span> <span class=\"more-link-wrap\"><a href=\"https:\/\/ffmc01.fr\/wp\/assemblee-generale-extraordinaire-13-04-2019-a-18h\/\" class=\"more-link\"><span>Read More &rarr;<\/span><\/a><\/span><\/p>\n","protected":false},"author":6,"featured_media":0,"comment_status":"open","ping_status":"open","sticky":false,"template":"","format":"standard","meta":{"ngg_post_thumbnail":0,"footnotes":""},"categories":[5,14,1,6],"tags":[28,29,22],"yoast_head":"<!-- This site is optimized with the Yoast SEO plugin v17.4 - https:\/\/yoast.com\/wordpress\/plugins\/seo\/ -->\n<title>Assembl\u00e9e G\u00e9n\u00e9rale Ordinaire - 13\/04\/2019 a 18h - FFMC 01<\/title>\n<meta name=\"robots\" content=\"index, follow, max-snippet:-1, max-image-preview:large, max-video-preview:-1\" \/>\n<link rel=\"canonical\" href=\"https:\/\/ffmc01.fr\/wp\/assemblee-generale-extraordinaire-13-04-2019-a-18h\/\" \/>\n<meta property=\"og:locale\" content=\"fr_FR\" \/>\n<meta property=\"og:type\" content=\"article\" \/>\n<meta property=\"og:title\" content=\"Assembl\u00e9e G\u00e9n\u00e9rale Ordinaire - 13\/04\/2019 a 18h - FFMC 01\" \/>\n<meta property=\"og:description\" content=\"La F\u00e9d\u00e9ration Fran\u00e7aise des Motards en Col\u00e8re de l\u2019Ain, se r\u00e9unira le samedi 13 avril 2019 \u00e0 18h00 pour une Assembl\u00e9e G\u00e9n\u00e9rale Ordinaire. Nous proc\u00e9deront \u00e0 l\u2019\u00e9lection des membres du Conseil d\u2019Administration pour l\u2019ann\u00e9e \u00e0 venir. C\u2019est gr\u00e2ce au soutien de chacun d\u2019entre vous, qu\u2019il soit financier ou par votre participation, que nous pouvons d\u00e9velopper &hellip; Read More &rarr;\" \/>\n<meta property=\"og:url\" content=\"https:\/\/ffmc01.fr\/wp\/assemblee-generale-extraordinaire-13-04-2019-a-18h\/\" \/>\n<meta property=\"og:site_name\" content=\"FFMC 01\" \/>\n<meta property=\"article:publisher\" content=\"https:\/\/www.facebook.com\/ffmc.ain\" \/>\n<meta property=\"article:published_time\" content=\"2019-04-02T05:46:39+00:00\" \/>\n<meta property=\"article:modified_time\" content=\"2019-04-02T07:09:14+00:00\" \/>\n<meta name=\"twitter:label1\" content=\"\u00c9crit par\" \/>\n\t<meta name=\"twitter:data1\" content=\"Dav'\" \/>\n\t<meta name=\"twitter:label2\" content=\"Dur\u00e9e de lecture est.\" \/>\n\t<meta name=\"twitter:data2\" content=\"2 minutes\" \/>\n<script type=\"application\/ld+json\" class=\"yoast-schema-graph\">{\"@context\":\"https:\/\/schema.org\",\"@graph\":[{\"@type\":\"Organization\",\"@id\":\"https:\/\/ffmc01.fr\/wp\/#organization\",\"name\":\"FFMC01\",\"url\":\"https:\/\/ffmc01.fr\/wp\/\",\"sameAs\":[\"https:\/\/www.facebook.com\/ffmc.ain\",\"https:\/\/twitter.com\/ffmc01\"],\"logo\":{\"@type\":\"ImageObject\",\"@id\":\"https:\/\/ffmc01.fr\/wp\/#logo\",\"inLanguage\":\"fr-FR\",\"url\":\"http:\/\/ffmc01.fr\/wp\/wp-content\/uploads\/2018\/09\/BandeauWeb-01.png\",\"contentUrl\":\"http:\/\/ffmc01.fr\/wp\/wp-content\/uploads\/2018\/09\/BandeauWeb-01.png\",\"width\":1663,\"height\":199,\"caption\":\"FFMC01\"},\"image\":{\"@id\":\"https:\/\/ffmc01.fr\/wp\/#logo\"}},{\"@type\":\"WebSite\",\"@id\":\"https:\/\/ffmc01.fr\/wp\/#website\",\"url\":\"https:\/\/ffmc01.fr\/wp\/\",\"name\":\"FFMC 01\",\"description\":\"Antenne 01 de la F\\u00e9d\\u00e9ration Fran\\u00e7aise des Motards en Col\\u00e8re\",\"publisher\":{\"@id\":\"https:\/\/ffmc01.fr\/wp\/#organization\"},\"potentialAction\":[{\"@type\":\"SearchAction\",\"target\":{\"@type\":\"EntryPoint\",\"urlTemplate\":\"https:\/\/ffmc01.fr\/wp\/?s={search_term_string}\"},\"query-input\":\"required name=search_term_string\"}],\"inLanguage\":\"fr-FR\"},{\"@type\":\"WebPage\",\"@id\":\"https:\/\/ffmc01.fr\/wp\/assemblee-generale-extraordinaire-13-04-2019-a-18h\/#webpage\",\"url\":\"https:\/\/ffmc01.fr\/wp\/assemblee-generale-extraordinaire-13-04-2019-a-18h\/\",\"name\":\"Assembl\\u00e9e G\\u00e9n\\u00e9rale Ordinaire - 13\/04\/2019 a 18h - FFMC 01\",\"isPartOf\":{\"@id\":\"https:\/\/ffmc01.fr\/wp\/#website\"},\"datePublished\":\"2019-04-02T05:46:39+00:00\",\"dateModified\":\"2019-04-02T07:09:14+00:00\",\"breadcrumb\":{\"@id\":\"https:\/\/ffmc01.fr\/wp\/assemblee-generale-extraordinaire-13-04-2019-a-18h\/#breadcrumb\"},\"inLanguage\":\"fr-FR\",\"potentialAction\":[{\"@type\":\"ReadAction\",\"target\":[\"https:\/\/ffmc01.fr\/wp\/assemblee-generale-extraordinaire-13-04-2019-a-18h\/\"]}]},{\"@type\":\"BreadcrumbList\",\"@id\":\"https:\/\/ffmc01.fr\/wp\/assemblee-generale-extraordinaire-13-04-2019-a-18h\/#breadcrumb\",\"itemListElement\":[{\"@type\":\"ListItem\",\"position\":1,\"name\":\"Accueil\",\"item\":\"https:\/\/ffmc01.fr\/wp\/\"},{\"@type\":\"ListItem\",\"position\":2,\"name\":\"Assembl\\u00e9e G\\u00e9n\\u00e9rale Ordinaire &#8211; 13\/04\/2019 a 18h\"}]},{\"@type\":\"Article\",\"@id\":\"https:\/\/ffmc01.fr\/wp\/assemblee-generale-extraordinaire-13-04-2019-a-18h\/#article\",\"isPartOf\":{\"@id\":\"https:\/\/ffmc01.fr\/wp\/assemblee-generale-extraordinaire-13-04-2019-a-18h\/#webpage\"},\"author\":{\"@id\":\"https:\/\/ffmc01.fr\/wp\/#\/schema\/person\/6332c95ce5e2a9548951f13f4e168e8c\"},\"headline\":\"Assembl\\u00e9e G\\u00e9n\\u00e9rale Ordinaire &#8211; 13\/04\/2019 a 18h\",\"datePublished\":\"2019-04-02T05:46:39+00:00\",\"dateModified\":\"2019-04-02T07:09:14+00:00\",\"mainEntityOfPage\":{\"@id\":\"https:\/\/ffmc01.fr\/wp\/assemblee-generale-extraordinaire-13-04-2019-a-18h\/#webpage\"},\"wordCount\":326,\"commentCount\":0,\"publisher\":{\"@id\":\"https:\/\/ffmc01.fr\/wp\/#organization\"},\"keywords\":[\"assemblee generale extraordinaire\",\"important\",\"reunion\"],\"articleSection\":{\"0\":\"Agendas\",\"1\":\"Evenements \\u00e0 venir\",\"3\":\"R\\u00e9unions de l'antenne et du mouvement\"},\"inLanguage\":\"fr-FR\",\"potentialAction\":[{\"@type\":\"CommentAction\",\"name\":\"Comment\",\"target\":[\"https:\/\/ffmc01.fr\/wp\/assemblee-generale-extraordinaire-13-04-2019-a-18h\/#respond\"]}]},{\"@type\":\"Person\",\"@id\":\"https:\/\/ffmc01.fr\/wp\/#\/schema\/person\/6332c95ce5e2a9548951f13f4e168e8c\",\"name\":\"Dav'\",\"image\":{\"@type\":\"ImageObject\",\"@id\":\"https:\/\/ffmc01.fr\/wp\/#personlogo\",\"inLanguage\":\"fr-FR\",\"url\":\"https:\/\/secure.gravatar.com\/avatar\/25910a5a2a93491389a53406aebf7f8a?s=96&d=mm&r=g\",\"contentUrl\":\"https:\/\/secure.gravatar.com\/avatar\/25910a5a2a93491389a53406aebf7f8a?s=96&d=mm&r=g\",\"caption\":\"Dav'\"},\"url\":\"https:\/\/ffmc01.fr\/wp\/author\/david\/\"}]}<\/script>\n<!-- \/ Yoast SEO plugin. -->","yoast_head_json":{"title":"Assembl\u00e9e G\u00e9n\u00e9rale Ordinaire - 13\/04\/2019 a 18h - FFMC 01","robots":{"index":"index","follow":"follow","max-snippet":"max-snippet:-1","max-image-preview":"max-image-preview:large","max-video-preview":"max-video-preview:-1"},"canonical":"https:\/\/ffmc01.fr\/wp\/assemblee-generale-extraordinaire-13-04-2019-a-18h\/","og_locale":"fr_FR","og_type":"article","og_title":"Assembl\u00e9e G\u00e9n\u00e9rale Ordinaire - 13\/04\/2019 a 18h - FFMC 01","og_description":"La F\u00e9d\u00e9ration Fran\u00e7aise des Motards en Col\u00e8re de l\u2019Ain, se r\u00e9unira le samedi 13 avril 2019 \u00e0 18h00 pour une Assembl\u00e9e G\u00e9n\u00e9rale Ordinaire. Nous proc\u00e9deront \u00e0 l\u2019\u00e9lection des membres du Conseil d\u2019Administration pour l\u2019ann\u00e9e \u00e0 venir. C\u2019est gr\u00e2ce au soutien de chacun d\u2019entre vous, qu\u2019il soit financier ou par votre participation, que nous pouvons d\u00e9velopper &hellip; Read More &rarr;","og_url":"https:\/\/ffmc01.fr\/wp\/assemblee-generale-extraordinaire-13-04-2019-a-18h\/","og_site_name":"FFMC 01","article_publisher":"https:\/\/www.facebook.com\/ffmc.ain","article_published_time":"2019-04-02T05:46:39+00:00","article_modified_time":"2019-04-02T07:09:14+00:00","twitter_misc":{"\u00c9crit par":"Dav'","Dur\u00e9e de lecture est.":"2 minutes"},"schema":{"@context":"https:\/\/schema.org","@graph":[{"@type":"Organization","@id":"https:\/\/ffmc01.fr\/wp\/#organization","name":"FFMC01","url":"https:\/\/ffmc01.fr\/wp\/","sameAs":["https:\/\/www.facebook.com\/ffmc.ain","https:\/\/twitter.com\/ffmc01"],"logo":{"@type":"ImageObject","@id":"https:\/\/ffmc01.fr\/wp\/#logo","inLanguage":"fr-FR","url":"http:\/\/ffmc01.fr\/wp\/wp-content\/uploads\/2018\/09\/BandeauWeb-01.png","contentUrl":"http:\/\/ffmc01.fr\/wp\/wp-content\/uploads\/2018\/09\/BandeauWeb-01.png","width":1663,"height":199,"caption":"FFMC01"},"image":{"@id":"https:\/\/ffmc01.fr\/wp\/#logo"}},{"@type":"WebSite","@id":"https:\/\/ffmc01.fr\/wp\/#website","url":"https:\/\/ffmc01.fr\/wp\/","name":"FFMC 01","description":"Antenne 01 de la F\u00e9d\u00e9ration Fran\u00e7aise des Motards en Col\u00e8re","publisher":{"@id":"https:\/\/ffmc01.fr\/wp\/#organization"},"potentialAction":[{"@type":"SearchAction","target":{"@type":"EntryPoint","urlTemplate":"https:\/\/ffmc01.fr\/wp\/?s={search_term_string}"},"query-input":"required name=search_term_string"}],"inLanguage":"fr-FR"},{"@type":"WebPage","@id":"https:\/\/ffmc01.fr\/wp\/assemblee-generale-extraordinaire-13-04-2019-a-18h\/#webpage","url":"https:\/\/ffmc01.fr\/wp\/assemblee-generale-extraordinaire-13-04-2019-a-18h\/","name":"Assembl\u00e9e G\u00e9n\u00e9rale Ordinaire - 13\/04\/2019 a 18h - FFMC 01","isPartOf":{"@id":"https:\/\/ffmc01.fr\/wp\/#website"},"datePublished":"2019-04-02T05:46:39+00:00","dateModified":"2019-04-02T07:09:14+00:00","breadcrumb":{"@id":"https:\/\/ffmc01.fr\/wp\/assemblee-generale-extraordinaire-13-04-2019-a-18h\/#breadcrumb"},"inLanguage":"fr-FR","potentialAction":[{"@type":"ReadAction","target":["https:\/\/ffmc01.fr\/wp\/assemblee-generale-extraordinaire-13-04-2019-a-18h\/"]}]},{"@type":"BreadcrumbList","@id":"https:\/\/ffmc01.fr\/wp\/assemblee-generale-extraordinaire-13-04-2019-a-18h\/#breadcrumb","itemListElement":[{"@type":"ListItem","position":1,"name":"Accueil","item":"https:\/\/ffmc01.fr\/wp\/"},{"@type":"ListItem","position":2,"name":"Assembl\u00e9e G\u00e9n\u00e9rale Ordinaire &#8211; 13\/04\/2019 a 18h"}]},{"@type":"Article","@id":"https:\/\/ffmc01.fr\/wp\/assemblee-generale-extraordinaire-13-04-2019-a-18h\/#article","isPartOf":{"@id":"https:\/\/ffmc01.fr\/wp\/assemblee-generale-extraordinaire-13-04-2019-a-18h\/#webpage"},"author":{"@id":"https:\/\/ffmc01.fr\/wp\/#\/schema\/person\/6332c95ce5e2a9548951f13f4e168e8c"},"headline":"Assembl\u00e9e G\u00e9n\u00e9rale Ordinaire &#8211; 13\/04\/2019 a 18h","datePublished":"2019-04-02T05:46:39+00:00","dateModified":"2019-04-02T07:09:14+00:00","mainEntityOfPage":{"@id":"https:\/\/ffmc01.fr\/wp\/assemblee-generale-extraordinaire-13-04-2019-a-18h\/#webpage"},"wordCount":326,"commentCount":0,"publisher":{"@id":"https:\/\/ffmc01.fr\/wp\/#organization"},"keywords":["assemblee generale extraordinaire","important","reunion"],"articleSection":{"0":"Agendas","1":"Evenements \u00e0 venir","3":"R\u00e9unions de l'antenne et du mouvement"},"inLanguage":"fr-FR","potentialAction":[{"@type":"CommentAction","name":"Comment","target":["https:\/\/ffmc01.fr\/wp\/assemblee-generale-extraordinaire-13-04-2019-a-18h\/#respond"]}]},{"@type":"Person","@id":"https:\/\/ffmc01.fr\/wp\/#\/schema\/person\/6332c95ce5e2a9548951f13f4e168e8c","name":"Dav'","image":{"@type":"ImageObject","@id":"https:\/\/ffmc01.fr\/wp\/#personlogo","inLanguage":"fr-FR","url":"https:\/\/secure.gravatar.com\/avatar\/25910a5a2a93491389a53406aebf7f8a?s=96&d=mm&r=g","contentUrl":"https:\/\/secure.gravatar.com\/avatar\/25910a5a2a93491389a53406aebf7f8a?s=96&d=mm&r=g","caption":"Dav'"},"url":"https:\/\/ffmc01.fr\/wp\/author\/david\/"}]}},"_links":{"self":[{"href":"https:\/\/ffmc01.fr\/wp\/wp-json\/wp\/v2\/posts\/601"}],"collection":[{"href":"https:\/\/ffmc01.fr\/wp\/wp-json\/wp\/v2\/posts"}],"about":[{"href":"https:\/\/ffmc01.fr\/wp\/wp-json\/wp\/v2\/types\/post"}],"author":[{"embeddable":true,"href":"https:\/\/ffmc01.fr\/wp\/wp-json\/wp\/v2\/users\/6"}],"replies":[{"embeddable":true,"href":"https:\/\/ffmc01.fr\/wp\/wp-json\/wp\/v2\/comments?post=601"}],"version-history":[{"count":3,"href":"https:\/\/ffmc01.fr\/wp\/wp-json\/wp\/v2\/posts\/601\/revisions"}],"predecessor-version":[{"id":604,"href":"https:\/\/ffmc01.fr\/wp\/wp-json\/wp\/v2\/posts\/601\/revisions\/604"}],"wp:attachment":[{"href":"https:\/\/ffmc01.fr\/wp\/wp-json\/wp\/v2\/media?parent=601"}],"wp:term":[{"taxonomy":"category","embeddable":true,"href":"https:\/\/ffmc01.fr\/wp\/wp-json\/wp\/v2\/categories?post=601"},{"taxonomy":"post_tag","embeddable":true,"href":"https:\/\/ffmc01.fr\/wp\/wp-json\/wp\/v2\/tags?post=601"}],"curies":[{"name":"wp","href":"https:\/\/api.w.org\/{rel}","templated":true}]}}